{"id":3540,"date":"2022-07-25T11:22:38","date_gmt":"2022-07-25T11:22:38","guid":{"rendered":"https:\/\/marin-artist.com\/?p=3540"},"modified":"2022-07-25T11:31:03","modified_gmt":"2022-07-25T11:31:03","slug":"zomerterras-dropvzw-aarschot","status":"publish","type":"post","link":"https:\/\/marin-artist.com\/es\/2022\/07\/25\/zomerterras-dropvzw-aarschot\/","title":{"rendered":"Terraza de verano DROP vzw Aarschot"},"content":{"rendered":"<p>S\u00e1bado el <strong>30 de julio 2022<\/strong> dibujo caricaturas desde 14h-18h en la terraza de verano de <a href=\"https:\/\/www.dropafrika.be\/\">DROP vzw<\/a> en <strong>Aarschot<\/strong>. Por una peque\u00f1a o gran donaci\u00f3n para \u00c1frica, tienes tu propia caricatura. \u00a1Bienvenidos! \u00bfD\u00f3nde? <strong>Het huis van Peter Mot, Mottestraat 88, 3202 Aarschot (B\u00e9lgica)<\/strong><\/p>","protected":false},"excerpt":{"rendered":"<p>Zaterdag 30 juli 2022 teken ik karikaturen van 14u tot 18u op het zomerterras van DROP vzw in Aarschot. Voor een kleine of grote vrijwillige bijdrage voor Afrika, kan je je eigen karikatuur mee naar huis nemen. Allen daarheen!\u00a0Adres: Het huis van Peter Mot, Mottestraat 88, 3202 Aarschot<\/p>","protected":false},"author":3,"featured_media":0,"comment_status":"closed","ping_status":"closed","sticky":false,"template":"","format":"standard","meta":{"_acf_changed":false,"footnotes":""},"categories":[1],"tags":[],"class_list":["post-3540","post","type-post","status-publish","format-standard","hentry","category-geen-categorie"],"acf":[],"yoast_head":"<!-- This site is optimized with the Yoast SEO plugin v27.1.1 - https:\/\/yoast.com\/product\/yoast-seo-wordpress\/ -->\n<title>Zomerterras DROP vzw Aarschot - Welkom | Karikaturist en portrettekenaar Mar\u00edn<\/title>\n<meta name=\"robots\" content=\"index, follow, max-snippet:-1, max-image-preview:large, max-video-preview:-1\" \/>\n<link rel=\"canonical\" href=\"https:\/\/marin-artist.com\/es\/2022\/07\/25\/zomerterras-dropvzw-aarschot\/\" \/>\n<meta property=\"og:locale\" content=\"es_ES\" \/>\n<meta property=\"og:type\" content=\"article\" \/>\n<meta property=\"og:title\" content=\"Zomerterras DROP vzw Aarschot - Welkom | Karikaturist en portrettekenaar Mar\u00edn\" \/>\n<meta property=\"og:description\" content=\"Zaterdag 30 juli 2022 teken ik karikaturen van 14u tot 18u op het zomerterras van DROP vzw in Aarschot. Voor een kleine of grote vrijwillige bijdrage voor Afrika, kan je je eigen karikatuur mee naar huis nemen. Allen daarheen!\u00a0Adres: Het huis van Peter Mot, Mottestraat 88, 3202 Aarschot\" \/>\n<meta property=\"og:url\" content=\"https:\/\/marin-artist.com\/es\/2022\/07\/25\/zomerterras-dropvzw-aarschot\/\" \/>\n<meta property=\"og:site_name\" content=\"Welkom | Karikaturist en portrettekenaar Mar\u00edn\" \/>\n<meta property=\"article:publisher\" content=\"https:\/\/www.facebook.com\/marin.artist.caricatures\/\" \/>\n<meta property=\"article:published_time\" content=\"2022-07-25T11:22:38+00:00\" \/>\n<meta property=\"article:modified_time\" content=\"2022-07-25T11:31:03+00:00\" \/>\n<meta property=\"og:image\" content=\"https:\/\/marin-artist.com\/wp-content\/uploads\/2022\/07\/programma2022-1093x838-1.jpg\" \/>\n\t<meta property=\"og:image:width\" content=\"1093\" \/>\n\t<meta property=\"og:image:height\" content=\"838\" \/>\n\t<meta property=\"og:image:type\" content=\"image\/jpeg\" \/>\n<meta name=\"author\" content=\"Marin\" \/>\n<meta name=\"twitter:card\" content=\"summary_large_image\" \/>\n<meta name=\"twitter:label1\" content=\"Escrito por\" \/>\n\t<meta name=\"twitter:data1\" content=\"Marin\" \/>\n\t<meta name=\"twitter:label2\" content=\"Tiempo de lectura\" \/>\n\t<meta name=\"twitter:data2\" content=\"1 minuto\" \/>\n<script type=\"application\/ld+json\" class=\"yoast-schema-graph\">{\"@context\":\"https:\/\/schema.org\",\"@graph\":[{\"@type\":\"Article\",\"@id\":\"https:\/\/marin-artist.com\/2022\/07\/25\/zomerterras-dropvzw-aarschot\/#article\",\"isPartOf\":{\"@id\":\"https:\/\/marin-artist.com\/2022\/07\/25\/zomerterras-dropvzw-aarschot\/\"},\"author\":{\"name\":\"Marin\",\"@id\":\"https:\/\/marin-artist.com\/#\/schema\/person\/d1b915f00cbb292d3fe016ad606f6e32\"},\"headline\":\"Zomerterras DROP vzw Aarschot\",\"datePublished\":\"2022-07-25T11:22:38+00:00\",\"dateModified\":\"2022-07-25T11:31:03+00:00\",\"mainEntityOfPage\":{\"@id\":\"https:\/\/marin-artist.com\/2022\/07\/25\/zomerterras-dropvzw-aarschot\/\"},\"wordCount\":49,\"publisher\":{\"@id\":\"https:\/\/marin-artist.com\/#organization\"},\"articleSection\":[\"Geen categorie\"],\"inLanguage\":\"es\"},{\"@type\":\"WebPage\",\"@id\":\"https:\/\/marin-artist.com\/2022\/07\/25\/zomerterras-dropvzw-aarschot\/\",\"url\":\"https:\/\/marin-artist.com\/2022\/07\/25\/zomerterras-dropvzw-aarschot\/\",\"name\":\"Zomerterras DROP vzw Aarschot - Welkom | Karikaturist en portrettekenaar Mar\u00edn\",\"isPartOf\":{\"@id\":\"https:\/\/marin-artist.com\/#website\"},\"datePublished\":\"2022-07-25T11:22:38+00:00\",\"dateModified\":\"2022-07-25T11:31:03+00:00\",\"breadcrumb\":{\"@id\":\"https:\/\/marin-artist.com\/2022\/07\/25\/zomerterras-dropvzw-aarschot\/#breadcrumb\"},\"inLanguage\":\"es\",\"potentialAction\":[{\"@type\":\"ReadAction\",\"target\":[\"https:\/\/marin-artist.com\/2022\/07\/25\/zomerterras-dropvzw-aarschot\/\"]}]},{\"@type\":\"BreadcrumbList\",\"@id\":\"https:\/\/marin-artist.com\/2022\/07\/25\/zomerterras-dropvzw-aarschot\/#breadcrumb\",\"itemListElement\":[{\"@type\":\"ListItem\",\"position\":1,\"name\":\"Home\",\"item\":\"https:\/\/marin-artist.com\/\"},{\"@type\":\"ListItem\",\"position\":2,\"name\":\"Zomerterras DROP vzw Aarschot\"}]},{\"@type\":\"WebSite\",\"@id\":\"https:\/\/marin-artist.com\/#website\",\"url\":\"https:\/\/marin-artist.com\/\",\"name\":\"Welkom | Karikaturist en portrettekenaar Martin\",\"description\":\"Live karikaturen op feestjes en evenementen.\",\"publisher\":{\"@id\":\"https:\/\/marin-artist.com\/#organization\"},\"potentialAction\":[{\"@type\":\"SearchAction\",\"target\":{\"@type\":\"EntryPoint\",\"urlTemplate\":\"https:\/\/marin-artist.com\/?s={search_term_string}\"},\"query-input\":{\"@type\":\"PropertyValueSpecification\",\"valueRequired\":true,\"valueName\":\"search_term_string\"}}],\"inLanguage\":\"es\"},{\"@type\":\"Organization\",\"@id\":\"https:\/\/marin-artist.com\/#organization\",\"name\":\"Marin Artist\",\"url\":\"https:\/\/marin-artist.com\/\",\"logo\":{\"@type\":\"ImageObject\",\"inLanguage\":\"es\",\"@id\":\"https:\/\/marin-artist.com\/#\/schema\/logo\/image\/\",\"url\":\"https:\/\/marin-artist.com\/wp-content\/uploads\/2020\/07\/karikaturist-karikatuur-marin-animatie.jpg\",\"contentUrl\":\"https:\/\/marin-artist.com\/wp-content\/uploads\/2020\/07\/karikaturist-karikatuur-marin-animatie.jpg\",\"width\":1500,\"height\":1321,\"caption\":\"Marin Artist\"},\"image\":{\"@id\":\"https:\/\/marin-artist.com\/#\/schema\/logo\/image\/\"},\"sameAs\":[\"https:\/\/www.facebook.com\/marin.artist.caricatures\/\",\"https:\/\/www.instagram.com\/marin_artist\/\",\"https:\/\/nl.pinterest.com\/ignaciomarindeespinosaartist\/_saved\/\",\"https:\/\/www.youtube.com\/channel\/UCdCBWLJFitpcsIhYQ6IVmYA\"]},{\"@type\":\"Person\",\"@id\":\"https:\/\/marin-artist.com\/#\/schema\/person\/d1b915f00cbb292d3fe016ad606f6e32\",\"name\":\"Marin\",\"image\":{\"@type\":\"ImageObject\",\"inLanguage\":\"es\",\"@id\":\"https:\/\/marin-artist.com\/#\/schema\/person\/image\/\",\"url\":\"https:\/\/secure.gravatar.com\/avatar\/5a12f95a1c5626d8303f2d73e7c4a64c952452235fef8807590419e064f4f74f?s=96&d=mm&r=g\",\"contentUrl\":\"https:\/\/secure.gravatar.com\/avatar\/5a12f95a1c5626d8303f2d73e7c4a64c952452235fef8807590419e064f4f74f?s=96&d=mm&r=g\",\"caption\":\"Marin\"},\"sameAs\":[\"http:\/\/marin-artist.com\"]}]}<\/script>\n<!-- \/ Yoast SEO plugin. -->","yoast_head_json":{"title":"Zomerterras DROP vzw Aarschot - Welkom | Karikaturist en portrettekenaar Mar\u00edn","robots":{"index":"index","follow":"follow","max-snippet":"max-snippet:-1","max-image-preview":"max-image-preview:large","max-video-preview":"max-video-preview:-1"},"canonical":"https:\/\/marin-artist.com\/es\/2022\/07\/25\/zomerterras-dropvzw-aarschot\/","og_locale":"es_ES","og_type":"article","og_title":"Zomerterras DROP vzw Aarschot - Welkom | Karikaturist en portrettekenaar Mar\u00edn","og_description":"Zaterdag 30 juli 2022 teken ik karikaturen van 14u tot 18u op het zomerterras van DROP vzw in Aarschot. Voor een kleine of grote vrijwillige bijdrage voor Afrika, kan je je eigen karikatuur mee naar huis nemen. Allen daarheen!\u00a0Adres: Het huis van Peter Mot, Mottestraat 88, 3202 Aarschot","og_url":"https:\/\/marin-artist.com\/es\/2022\/07\/25\/zomerterras-dropvzw-aarschot\/","og_site_name":"Welkom | Karikaturist en portrettekenaar Mar\u00edn","article_publisher":"https:\/\/www.facebook.com\/marin.artist.caricatures\/","article_published_time":"2022-07-25T11:22:38+00:00","article_modified_time":"2022-07-25T11:31:03+00:00","og_image":[{"width":1093,"height":838,"url":"https:\/\/marin-artist.com\/wp-content\/uploads\/2022\/07\/programma2022-1093x838-1.jpg","type":"image\/jpeg"}],"author":"Marin","twitter_card":"summary_large_image","twitter_misc":{"Escrito por":"Marin","Tiempo de lectura":"1 minuto"},"schema":{"@context":"https:\/\/schema.org","@graph":[{"@type":"Article","@id":"https:\/\/marin-artist.com\/2022\/07\/25\/zomerterras-dropvzw-aarschot\/#article","isPartOf":{"@id":"https:\/\/marin-artist.com\/2022\/07\/25\/zomerterras-dropvzw-aarschot\/"},"author":{"name":"Marin","@id":"https:\/\/marin-artist.com\/#\/schema\/person\/d1b915f00cbb292d3fe016ad606f6e32"},"headline":"Zomerterras DROP vzw Aarschot","datePublished":"2022-07-25T11:22:38+00:00","dateModified":"2022-07-25T11:31:03+00:00","mainEntityOfPage":{"@id":"https:\/\/marin-artist.com\/2022\/07\/25\/zomerterras-dropvzw-aarschot\/"},"wordCount":49,"publisher":{"@id":"https:\/\/marin-artist.com\/#organization"},"articleSection":["Geen categorie"],"inLanguage":"es"},{"@type":"WebPage","@id":"https:\/\/marin-artist.com\/2022\/07\/25\/zomerterras-dropvzw-aarschot\/","url":"https:\/\/marin-artist.com\/2022\/07\/25\/zomerterras-dropvzw-aarschot\/","name":"Zomerterras DROP vzw Aarschot - Welkom | Karikaturist en portrettekenaar Mar\u00edn","isPartOf":{"@id":"https:\/\/marin-artist.com\/#website"},"datePublished":"2022-07-25T11:22:38+00:00","dateModified":"2022-07-25T11:31:03+00:00","breadcrumb":{"@id":"https:\/\/marin-artist.com\/2022\/07\/25\/zomerterras-dropvzw-aarschot\/#breadcrumb"},"inLanguage":"es","potentialAction":[{"@type":"ReadAction","target":["https:\/\/marin-artist.com\/2022\/07\/25\/zomerterras-dropvzw-aarschot\/"]}]},{"@type":"BreadcrumbList","@id":"https:\/\/marin-artist.com\/2022\/07\/25\/zomerterras-dropvzw-aarschot\/#breadcrumb","itemListElement":[{"@type":"ListItem","position":1,"name":"Home","item":"https:\/\/marin-artist.com\/"},{"@type":"ListItem","position":2,"name":"Zomerterras DROP vzw Aarschot"}]},{"@type":"WebSite","@id":"https:\/\/marin-artist.com\/#website","url":"https:\/\/marin-artist.com\/","name":"Welkom | Karikaturist en portrettekenaar Martin","description":"Live karikaturen op feestjes en evenementen.","publisher":{"@id":"https:\/\/marin-artist.com\/#organization"},"potentialAction":[{"@type":"SearchAction","target":{"@type":"EntryPoint","urlTemplate":"https:\/\/marin-artist.com\/?s={search_term_string}"},"query-input":{"@type":"PropertyValueSpecification","valueRequired":true,"valueName":"search_term_string"}}],"inLanguage":"es"},{"@type":"Organization","@id":"https:\/\/marin-artist.com\/#organization","name":"Marin Artist","url":"https:\/\/marin-artist.com\/","logo":{"@type":"ImageObject","inLanguage":"es","@id":"https:\/\/marin-artist.com\/#\/schema\/logo\/image\/","url":"https:\/\/marin-artist.com\/wp-content\/uploads\/2020\/07\/karikaturist-karikatuur-marin-animatie.jpg","contentUrl":"https:\/\/marin-artist.com\/wp-content\/uploads\/2020\/07\/karikaturist-karikatuur-marin-animatie.jpg","width":1500,"height":1321,"caption":"Marin Artist"},"image":{"@id":"https:\/\/marin-artist.com\/#\/schema\/logo\/image\/"},"sameAs":["https:\/\/www.facebook.com\/marin.artist.caricatures\/","https:\/\/www.instagram.com\/marin_artist\/","https:\/\/nl.pinterest.com\/ignaciomarindeespinosaartist\/_saved\/","https:\/\/www.youtube.com\/channel\/UCdCBWLJFitpcsIhYQ6IVmYA"]},{"@type":"Person","@id":"https:\/\/marin-artist.com\/#\/schema\/person\/d1b915f00cbb292d3fe016ad606f6e32","name":"Marin","image":{"@type":"ImageObject","inLanguage":"es","@id":"https:\/\/marin-artist.com\/#\/schema\/person\/image\/","url":"https:\/\/secure.gravatar.com\/avatar\/5a12f95a1c5626d8303f2d73e7c4a64c952452235fef8807590419e064f4f74f?s=96&d=mm&r=g","contentUrl":"https:\/\/secure.gravatar.com\/avatar\/5a12f95a1c5626d8303f2d73e7c4a64c952452235fef8807590419e064f4f74f?s=96&d=mm&r=g","caption":"Marin"},"sameAs":["http:\/\/marin-artist.com"]}]}},"_links":{"self":[{"href":"https:\/\/marin-artist.com\/es\/wp-json\/wp\/v2\/posts\/3540","targetHints":{"allow":["GET"]}}],"collection":[{"href":"https:\/\/marin-artist.com\/es\/wp-json\/wp\/v2\/posts"}],"about":[{"href":"https:\/\/marin-artist.com\/es\/wp-json\/wp\/v2\/types\/post"}],"author":[{"embeddable":true,"href":"https:\/\/marin-artist.com\/es\/wp-json\/wp\/v2\/users\/3"}],"replies":[{"embeddable":true,"href":"https:\/\/marin-artist.com\/es\/wp-json\/wp\/v2\/comments?post=3540"}],"version-history":[{"count":6,"href":"https:\/\/marin-artist.com\/es\/wp-json\/wp\/v2\/posts\/3540\/revisions"}],"predecessor-version":[{"id":3547,"href":"https:\/\/marin-artist.com\/es\/wp-json\/wp\/v2\/posts\/3540\/revisions\/3547"}],"wp:attachment":[{"href":"https:\/\/marin-artist.com\/es\/wp-json\/wp\/v2\/media?parent=3540"}],"wp:term":[{"taxonomy":"category","embeddable":true,"href":"https:\/\/marin-artist.com\/es\/wp-json\/wp\/v2\/categories?post=3540"},{"taxonomy":"post_tag","embeddable":true,"href":"https:\/\/marin-artist.com\/es\/wp-json\/wp\/v2\/tags?post=3540"}],"curies":[{"name":"wp","href":"https:\/\/api.w.org\/{rel}","templated":true}]}}